{"id":1709,"date":"2020-02-20T10:00:57","date_gmt":"2020-02-20T09:00:57","guid":{"rendered":"https:\/\/byword.it\/torinovending\/?p=1709"},"modified":"2026-07-21T12:19:59","modified_gmt":"2026-07-21T10:19:59","slug":"mobili-carrellati-per-macchine-caffe","status":"publish","type":"post","link":"https:\/\/byword.it\/torinovending\/mobili-carrellati-per-macchine-caffe\/","title":{"rendered":"Mobili carrellati"},"content":{"rendered":"\t\t<div data-elementor-type=\"wp-post\" data-elementor-id=\"1709\" class=\"elementor elementor-1709\" data-elementor-post-type=\"post\">\n\t\t\t\t\t\t<section class=\"elementor-section elementor-top-section elementor-element elementor-element-320203b elementor-section-stretched elementor-section-boxed elementor-section-height-default elementor-section-height-default\" data-id=\"320203b\" data-element_type=\"section\" data-e-type=\"section\" data-settings=\"{&quot;stretch_section&quot;:&quot;section-stretched&quot;,&quot;background_background&quot;:&quot;classic&quot;}\">\n\t\t\t\t\t\t<div class=\"elementor-container elementor-column-gap-default\">\n\t\t\t\t\t<div class=\"elementor-column elementor-col-50 elementor-top-column elementor-element elementor-element-c05e999\" data-id=\"c05e999\" data-element_type=\"column\" data-e-type=\"column\">\n\t\t\t<div class=\"elementor-widget-wrap elementor-element-populated\">\n\t\t\t\t\t\t<div class=\"elementor-element elementor-element-6d1b713 elementor-widget elementor-widget-image\" data-id=\"6d1b713\" data-element_type=\"widget\" data-e-type=\"widget\" data-widget_type=\"image.default\">\n\t\t\t\t\t\t\t\t\t\t\t\t\t\t\t<img fetchpriority=\"high\" decoding=\"async\" width=\"500\" height=\"774\" src=\"https:\/\/byword.it\/torinovending\/wp-content\/uploads\/2020\/02\/Mobile-Carrellato-Horeca.jpg\" class=\"attachment-full size-full wp-image-1713\" alt=\"Mobili carrellati, accessori HoReCa, Necta\" srcset=\"https:\/\/byword.it\/torinovending\/wp-content\/uploads\/2020\/02\/Mobile-Carrellato-Horeca.jpg 500w, https:\/\/byword.it\/torinovending\/wp-content\/uploads\/2020\/02\/Mobile-Carrellato-Horeca-194x300.jpg 194w\" sizes=\"(max-width: 500px) 100vw, 500px\" \/>\t\t\t\t\t\t\t\t\t\t\t\t\t\t\t<\/div>\n\t\t\t\t\t<\/div>\n\t\t<\/div>\n\t\t\t\t<div class=\"elementor-column elementor-col-100 elementor-top-column elementor-element elementor-element-de4a12e\" data-id=\"de4a12e\" data-element_type=\"column\" data-e-type=\"column\">\n\t\t\t<div class=\"elementor-widget-wrap elementor-element-populated\">\n\t\t\t\t\t\t<section class=\"elementor-section elementor-inner-section elementor-element elementor-element-c2d3dd1 elementor-section-boxed elementor-section-height-default elementor-section-height-default\" data-id=\"c2d3dd1\" data-element_type=\"section\" data-e-type=\"section\" data-settings=\"{&quot;background_background&quot;:&quot;classic&quot;}\">\n\t\t\t\t\t\t<div class=\"elementor-container elementor-column-gap-default\">\n\t\t\t\t\t<div class=\"elementor-column elementor-col-100 elementor-inner-column elementor-element elementor-element-e3d4934\" data-id=\"e3d4934\" data-element_type=\"column\" data-e-type=\"column\">\n\t\t\t<div class=\"elementor-widget-wrap elementor-element-populated\">\n\t\t\t\t\t\t<div class=\"elementor-element elementor-element-91b924f elementor-widget elementor-widget-heading\" data-id=\"91b924f\" data-element_type=\"widget\" data-e-type=\"widget\" data-widget_type=\"heading.default\">\n\t\t\t\t\t<h2 class=\"elementor-heading-title elementor-size-default\"><span>Necta<\/span><\/h2>\t\t\t\t<\/div>\n\t\t\t\t<div class=\"elementor-element elementor-element-6e4f0b9 elementor-widget elementor-widget-heading\" data-id=\"6e4f0b9\" data-element_type=\"widget\" data-e-type=\"widget\" data-widget_type=\"heading.default\">\n\t\t\t\t\t<h2 class=\"elementor-heading-title elementor-size-default\">Mobili carrellati<\/h2>\t\t\t\t<\/div>\n\t\t\t\t<div class=\"elementor-element elementor-element-45ddaf7 elementor-widget-divider--view-line elementor-widget elementor-widget-divider\" data-id=\"45ddaf7\" data-element_type=\"widget\" data-e-type=\"widget\" data-widget_type=\"divider.default\">\n\t\t\t\t\t\t\t<div class=\"elementor-divider\">\n\t\t\t<span class=\"elementor-divider-separator\">\n\t\t\t\t\t\t<\/span>\n\t\t<\/div>\n\t\t\t\t\t\t<\/div>\n\t\t\t\t<div class=\"elementor-element elementor-element-31b8970 elementor-widget elementor-widget-spacer\" data-id=\"31b8970\" data-element_type=\"widget\" data-e-type=\"widget\" data-widget_type=\"spacer.default\">\n\t\t\t\t\t\t\t<div class=\"elementor-spacer\">\n\t\t\t<div class=\"elementor-spacer-inner\"><\/div>\n\t\t<\/div>\n\t\t\t\t\t\t<\/div>\n\t\t\t\t<div class=\"elementor-element elementor-element-aedc0ae elementor-widget elementor-widget-heading\" data-id=\"aedc0ae\" data-element_type=\"widget\" data-e-type=\"widget\" data-widget_type=\"heading.default\">\n\t\t\t\t\t<h2 class=\"elementor-heading-title elementor-size-default\">Caratteristiche<\/h2>\t\t\t\t<\/div>\n\t\t\t\t<div class=\"elementor-element elementor-element-ab3a1e5 elementor-drop-cap-yes elementor-drop-cap-view-default elementor-widget elementor-widget-text-editor\" data-id=\"ab3a1e5\" data-element_type=\"widget\" data-e-type=\"widget\" data-settings=\"{&quot;drop_cap&quot;:&quot;yes&quot;}\" data-widget_type=\"text-editor.default\">\n\t\t\t\t\t\t\t\t\t<span>Accessori HoReCa<\/span>, <span>Mobili carrellati<\/span>\t\t\t\t\t\t\t\t<\/div>\n\t\t\t\t\t<\/div>\n\t\t<\/div>\n\t\t\t\t<div class=\"elementor-column elementor-col-100 elementor-inner-column elementor-element elementor-element-d58b3be\" data-id=\"d58b3be\" data-element_type=\"column\" data-e-type=\"column\">\n\t\t\t<div class=\"elementor-widget-wrap elementor-element-populated\">\n\t\t\t\t\t\t<div class=\"elementor-element elementor-element-82cedf5 elementor-widget elementor-widget-text-editor\" data-id=\"82cedf5\" data-element_type=\"widget\" data-e-type=\"widget\" data-widget_type=\"text-editor.default\">\n\t\t\t\t\t\t\t\t\tI mobili d\u2019arredo carrellati per macchine da caff\u00e8, sono disponibili nel formato anta singola e anta doppia.\nDotati di struttura solida per durare nel tempo dotata di quattro ruote angolari (le due frontali munite di freno). L\u2019apertura anta frontale dispone del sistema \u201cpush and pull\u201d. La base d\u2019appoggio \u00e8 preforata e permette il passaggio di cavi elettrici e tubi di carico\/scarico. Il mobile \u00e8 corredato da una vaschetta recupero fondi di caff\u00e8 estraibile e una tanica da 20L per recupero liquidi di scarico. Apri la scheda tecnica per maggiori informazioni.\t\t\t\t\t\t\t\t<\/div>\n\t\t\t\t\t<\/div>\n\t\t<\/div>\n\t\t\t\t\t<\/div>\n\t\t<\/section>\n\t\t\t\t<div class=\"elementor-element elementor-element-91d0d5a elementor-widget elementor-widget-spacer\" data-id=\"91d0d5a\" data-element_type=\"widget\" data-e-type=\"widget\" data-widget_type=\"spacer.default\">\n\t\t\t\t\t\t\t<div class=\"elementor-spacer\">\n\t\t\t<div class=\"elementor-spacer-inner\"><\/div>\n\t\t<\/div>\n\t\t\t\t\t\t<\/div>\n\t\t\t\t<section class=\"elementor-section elementor-inner-section elementor-element elementor-element-a1e5a8b elementor-section-boxed elementor-section-height-default elementor-section-height-default\" data-id=\"a1e5a8b\" data-element_type=\"section\" data-e-type=\"section\">\n\t\t\t\t\t\t<div class=\"elementor-container elementor-column-gap-default\">\n\t\t\t\t\t<div class=\"elementor-column elementor-col-50 elementor-inner-column elementor-element elementor-element-3d117db\" data-id=\"3d117db\" data-element_type=\"column\" data-e-type=\"column\">\n\t\t\t<div class=\"elementor-widget-wrap elementor-element-populated\">\n\t\t\t\t\t\t<div class=\"elementor-element elementor-element-18d7973 eae-elementor-align-left eae-elementor-mobile-align-center elementor-widget elementor-widget-eae_button\" data-id=\"18d7973\" data-element_type=\"widget\" data-e-type=\"widget\" data-widget_type=\"eae_button.default\">\n\t\t\t\t<div class=\"elementor-widget-container\">\n\t\t\t\t\t<div class=\"ct-button ct-button-align\"><div class=\"cta-button\"><a  href=\"#formdicontatto\" class=\"ct-button-defaults ct-animated-button ct-button-slide-right\"><span class=\"button-title\">Richiedi informazioni<\/span><\/a><\/div><!-- \/.cta-button --><\/div><!-- \/.ct-button -->\t\t\t\t<\/div>\n\t\t\t\t<\/div>\n\t\t\t\t\t<\/div>\n\t\t<\/div>\n\t\t\t\t<div class=\"elementor-column elementor-col-50 elementor-inner-column elementor-element elementor-element-63ed9df\" data-id=\"63ed9df\" data-element_type=\"column\" data-e-type=\"column\">\n\t\t\t<div class=\"elementor-widget-wrap elementor-element-populated\">\n\t\t\t\t\t\t<div class=\"elementor-element elementor-element-c425fa0 eae-elementor-align-right eae-elementor-mobile-align-center elementor-widget elementor-widget-eae_button\" data-id=\"c425fa0\" data-element_type=\"widget\" data-e-type=\"widget\" data-widget_type=\"eae_button.default\">\n\t\t\t\t<div class=\"elementor-widget-container\">\n\t\t\t\t\t<div class=\"ct-button ct-button-align\"><div class=\"cta-button\"><a  href=\"#\" class=\"ct-button-defaults ct-animated-button ct-button-slide-right\"><span class=\"button-title\">Scarica la scheda<\/span><\/a><\/div><!-- \/.cta-button --><\/div><!-- \/.ct-button -->\t\t\t\t<\/div>\n\t\t\t\t<\/div>\n\t\t\t\t\t<\/div>\n\t\t<\/div>\n\t\t\t\t\t<\/div>\n\t\t<\/section>\n\t\t\t\t\t<\/div>\n\t\t<\/div>\n\t\t\t\t\t<\/div>\n\t\t<\/section>\n\t\t\t\t<\/div>\n\t\t","protected":false},"excerpt":{"rendered":"<p>I mobili d\u2019arredo carrellati per macchine da caff\u00e8, sono disponibili nel formato anta singola e anta doppia.<br \/>\nDotati di struttura solida per durare nel tempo dotata di quattro ruote angolari (le due frontali munite di freno). L\u2019apertura anta frontale dispone del sistema \u201cpush and pull\u201d. La base d\u2019appoggio \u00e8 preforata e permette il passaggio di cavi elettrici e tubi di carico\/scarico. Il mobile \u00e8 corredato da una vaschetta recupero fondi di caff\u00e8 estraibile e una tanica da 20L per recupero liquidi di scarico. Apri la scheda tecnica per maggiori informazioni.<\/p>\n","protected":false},"author":1,"featured_media":1713,"comment_status":"closed","ping_status":"closed","sticky":false,"template":"elementor_header_footer","format":"standard","meta":{"inline_featured_image":false,"site-sidebar-layout":"default","site-content-layout":"default","ast-site-content-layout":"default","site-content-style":"default","site-sidebar-style":"default","ast-global-header-display":"","ast-banner-title-visibility":"","ast-main-header-display":"disabled","ast-hfb-above-header-display":"","ast-hfb-below-header-display":"","ast-hfb-mobile-header-display":"","site-post-title":"disabled","ast-breadcrumbs-content":"","ast-featured-img":"disabled","footer-sml-layout":"","ast-disable-related-posts":"","theme-transparent-header-meta":"default","adv-header-id-meta":"","stick-header-meta":"","header-above-stick-meta":"","header-main-stick-meta":"","header-below-stick-meta":"","astra-migrate-meta-layouts":"default","ast-page-background-enabled":"default","ast-page-background-meta":{"desktop":{"background-color":"","background-image":"","background-repeat":"repeat","background-position":"center center","background-size":"auto","background-attachment":"scroll","background-type":"","background-media":"","overlay-type":"","overlay-color":"","overlay-opacity":"","overlay-gradient":""},"tablet":{"background-color":"","background-image":"","background-repeat":"repeat","background-position":"center center","background-size":"auto","background-attachment":"scroll","background-type":"","background-media":"","overlay-type":"","overlay-color":"","overlay-opacity":"","overlay-gradient":""},"mobile":{"background-color":"","background-image":"","background-repeat":"repeat","background-position":"center center","background-size":"auto","background-attachment":"scroll","background-type":"","background-media":"","overlay-type":"","overlay-color":"","overlay-opacity":"","overlay-gradient":""}},"ast-content-background-meta":{"desktop":{"background-color":"var(--ast-global-color-5)","background-image":"","background-repeat":"repeat","background-position":"center center","background-size":"auto","background-attachment":"scroll","background-type":"","background-media":"","overlay-type":"","overlay-color":"","overlay-opacity":"","overlay-gradient":""},"tablet":{"background-color":"var(--ast-global-color-5)","background-image":"","background-repeat":"repeat","background-position":"center center","background-size":"auto","background-attachment":"scroll","background-type":"","background-media":"","overlay-type":"","overlay-color":"","overlay-opacity":"","overlay-gradient":""},"mobile":{"background-color":"var(--ast-global-color-5)","background-image":"","background-repeat":"repeat","background-position":"center center","background-size":"auto","background-attachment":"scroll","background-type":"","background-media":"","overlay-type":"","overlay-color":"","overlay-opacity":"","overlay-gradient":""}},"footnotes":""},"categories":[32],"tags":[64,94],"class_list":["post-1709","post","type-post","status-publish","format-standard","has-post-thumbnail","hentry","category-necta","tag-accessori-horeca","tag-mobili-carrellati"],"aioseo_notices":[],"aioseo_head":"\n\t\t<!-- All in One SEO 5.0.0.1 - aioseo.com -->\n\t<meta name=\"description\" content=\"Disponibili nel formato anta singola e anta doppia, i mobili carrellati per macchine da caff\u00e8 sono un supporto studiato ad hoc, per dimensioni e accessori.\" \/>\n\t<meta name=\"robots\" content=\"max-image-preview:large\" \/>\n\t<meta name=\"author\" content=\"Redazione\"\/>\n\t<meta name=\"keywords\" content=\"mobili macchine da caff\u00e8,accessori horeca,mobili carrellati,necta\" \/>\n\t<link rel=\"canonical\" href=\"https:\/\/byword.it\/torinovending\/mobili-carrellati-per-macchine-caffe\/\" \/>\n\t<meta name=\"generator\" content=\"All in One SEO (AIOSEO) 5.0.0.1\" \/>\n\t\t<meta property=\"og:locale\" content=\"it_IT\" \/>\n\t\t<meta property=\"og:site_name\" content=\"Torino Vending\" \/>\n\t\t<meta property=\"og:type\" content=\"activity\" \/>\n\t\t<meta property=\"og:title\" content=\"Mobili carrellati per macchine da caff\u00e8 | Torino Vending\" \/>\n\t\t<meta property=\"og:description\" content=\"Disponibili nel formato anta singola e anta doppia, i mobili carrellati per macchine da caff\u00e8 sono un supporto studiato ad hoc, per dimensioni e accessori.\" \/>\n\t\t<meta property=\"og:url\" content=\"https:\/\/byword.it\/torinovending\/mobili-carrellati-per-macchine-caffe\/\" \/>\n\t\t<meta property=\"og:image\" content=\"https:\/\/byword.it\/torinovending\/wp-content\/uploads\/2020\/02\/Mobile-Carrellato-Horeca.jpg\" \/>\n\t\t<meta property=\"og:image:secure_url\" content=\"https:\/\/byword.it\/torinovending\/wp-content\/uploads\/2020\/02\/Mobile-Carrellato-Horeca.jpg\" \/>\n\t\t<meta property=\"og:image:width\" content=\"500\" \/>\n\t\t<meta property=\"og:image:height\" content=\"774\" \/>\n\t\t<meta name=\"twitter:card\" content=\"summary\" \/>\n\t\t<meta name=\"twitter:title\" content=\"Mobili carrellati per macchine da caff\u00e8 | Torino Vending\" \/>\n\t\t<meta name=\"twitter:description\" content=\"Disponibili nel formato anta singola e anta doppia, i mobili carrellati per macchine da caff\u00e8 sono un supporto studiato ad hoc, per dimensioni e accessori.\" \/>\n\t\t<meta name=\"twitter:image\" content=\"https:\/\/byword.it\/torinovending\/wp-content\/uploads\/2020\/02\/Mobile-Carrellato-Horeca.jpg\" \/>\n\t\t<script type=\"application\/ld+json\" class=\"aioseo-schema\">\n\t\t\t{\"@context\":\"https:\\\/\\\/schema.org\",\"@graph\":[{\"@type\":\"Article\",\"@id\":\"https:\\\/\\\/byword.it\\\/torinovending\\\/mobili-carrellati-per-macchine-caffe\\\/#article\",\"name\":\"Mobili carrellati per macchine da caff\\u00e8 | Torino Vending\",\"headline\":\"Mobili carrellati\",\"author\":{\"@id\":\"https:\\\/\\\/byword.it\\\/torinovending\\\/author\\\/admin\\\/#author\"},\"publisher\":{\"@id\":\"https:\\\/\\\/byword.it\\\/torinovending\\\/#organization\"},\"image\":{\"@type\":\"ImageObject\",\"url\":\"https:\\\/\\\/byword.it\\\/torinovending\\\/wp-content\\\/uploads\\\/2020\\\/02\\\/Mobile-Carrellato-Horeca.jpg\",\"width\":500,\"height\":774,\"caption\":\"Mobili carrellati, accessori HoReCa, Necta\"},\"datePublished\":\"2020-02-20T10:00:57+01:00\",\"dateModified\":\"2026-07-21T12:19:59+02:00\",\"inLanguage\":\"it-IT\",\"mainEntityOfPage\":{\"@id\":\"https:\\\/\\\/byword.it\\\/torinovending\\\/mobili-carrellati-per-macchine-caffe\\\/#webpage\"},\"isPartOf\":{\"@id\":\"https:\\\/\\\/byword.it\\\/torinovending\\\/mobili-carrellati-per-macchine-caffe\\\/#webpage\"},\"articleSection\":\"Necta, Accessori HoReCa, Mobili carrellati\"},{\"@type\":\"BreadcrumbList\",\"@id\":\"https:\\\/\\\/byword.it\\\/torinovending\\\/mobili-carrellati-per-macchine-caffe\\\/#breadcrumblist\",\"itemListElement\":[{\"@type\":\"ListItem\",\"@id\":\"https:\\\/\\\/byword.it\\\/torinovending#listItem\",\"position\":1,\"name\":\"Home\",\"item\":\"https:\\\/\\\/byword.it\\\/torinovending\",\"nextItem\":{\"@type\":\"ListItem\",\"@id\":\"https:\\\/\\\/byword.it\\\/torinovending\\\/category\\\/necta\\\/#listItem\",\"name\":\"Necta\"}},{\"@type\":\"ListItem\",\"@id\":\"https:\\\/\\\/byword.it\\\/torinovending\\\/category\\\/necta\\\/#listItem\",\"position\":2,\"name\":\"Necta\",\"item\":\"https:\\\/\\\/byword.it\\\/torinovending\\\/category\\\/necta\\\/\",\"nextItem\":{\"@type\":\"ListItem\",\"@id\":\"https:\\\/\\\/byword.it\\\/torinovending\\\/mobili-carrellati-per-macchine-caffe\\\/#listItem\",\"name\":\"Mobili carrellati\"},\"previousItem\":{\"@type\":\"ListItem\",\"@id\":\"https:\\\/\\\/byword.it\\\/torinovending#listItem\",\"name\":\"Home\"}},{\"@type\":\"ListItem\",\"@id\":\"https:\\\/\\\/byword.it\\\/torinovending\\\/mobili-carrellati-per-macchine-caffe\\\/#listItem\",\"position\":3,\"name\":\"Mobili carrellati\",\"previousItem\":{\"@type\":\"ListItem\",\"@id\":\"https:\\\/\\\/byword.it\\\/torinovending\\\/category\\\/necta\\\/#listItem\",\"name\":\"Necta\"}}]},{\"@type\":\"Organization\",\"@id\":\"https:\\\/\\\/byword.it\\\/torinovending\\\/#organization\",\"name\":\"Torino Vending Srl\",\"description\":\"Distributori automatici a Torino\",\"url\":\"https:\\\/\\\/byword.it\\\/torinovending\\\/\",\"telephone\":\"+390116804572\",\"logo\":{\"@type\":\"ImageObject\",\"url\":\"https:\\\/\\\/torinovending.it\\\/wp-content\\\/uploads\\\/2020\\\/01\\\/Torino-Vending-Logo-payoff-homapage.png\",\"@id\":\"https:\\\/\\\/byword.it\\\/torinovending\\\/mobili-carrellati-per-macchine-caffe\\\/#organizationLogo\"},\"image\":{\"@id\":\"https:\\\/\\\/byword.it\\\/torinovending\\\/mobili-carrellati-per-macchine-caffe\\\/#organizationLogo\"}},{\"@type\":\"Person\",\"@id\":\"https:\\\/\\\/byword.it\\\/torinovending\\\/author\\\/admin\\\/#author\",\"url\":\"https:\\\/\\\/byword.it\\\/torinovending\\\/author\\\/admin\\\/\",\"name\":\"Redazione\",\"image\":{\"@type\":\"ImageObject\",\"@id\":\"https:\\\/\\\/byword.it\\\/torinovending\\\/mobili-carrellati-per-macchine-caffe\\\/#authorImage\",\"url\":\"https:\\\/\\\/secure.gravatar.com\\\/avatar\\\/c0d7cec239899575b951add9454ccbe4345c94ec0a4976642a24d02d53d8f574?s=96&d=mm&r=g\",\"width\":96,\"height\":96,\"caption\":\"Redazione\"}},{\"@type\":\"WebPage\",\"@id\":\"https:\\\/\\\/byword.it\\\/torinovending\\\/mobili-carrellati-per-macchine-caffe\\\/#webpage\",\"url\":\"https:\\\/\\\/byword.it\\\/torinovending\\\/mobili-carrellati-per-macchine-caffe\\\/\",\"name\":\"Mobili carrellati per macchine da caff\\u00e8 | Torino Vending\",\"description\":\"Disponibili nel formato anta singola e anta doppia, i mobili carrellati per macchine da caff\\u00e8 sono un supporto studiato ad hoc, per dimensioni e accessori.\",\"inLanguage\":\"it-IT\",\"isPartOf\":{\"@id\":\"https:\\\/\\\/byword.it\\\/torinovending\\\/#website\"},\"breadcrumb\":{\"@id\":\"https:\\\/\\\/byword.it\\\/torinovending\\\/mobili-carrellati-per-macchine-caffe\\\/#breadcrumblist\"},\"author\":{\"@id\":\"https:\\\/\\\/byword.it\\\/torinovending\\\/author\\\/admin\\\/#author\"},\"creator\":{\"@id\":\"https:\\\/\\\/byword.it\\\/torinovending\\\/author\\\/admin\\\/#author\"},\"image\":{\"@type\":\"ImageObject\",\"url\":\"https:\\\/\\\/byword.it\\\/torinovending\\\/wp-content\\\/uploads\\\/2020\\\/02\\\/Mobile-Carrellato-Horeca.jpg\",\"@id\":\"https:\\\/\\\/byword.it\\\/torinovending\\\/mobili-carrellati-per-macchine-caffe\\\/#mainImage\",\"width\":500,\"height\":774,\"caption\":\"Mobili carrellati, accessori HoReCa, Necta\"},\"primaryImageOfPage\":{\"@id\":\"https:\\\/\\\/byword.it\\\/torinovending\\\/mobili-carrellati-per-macchine-caffe\\\/#mainImage\"},\"datePublished\":\"2020-02-20T10:00:57+01:00\",\"dateModified\":\"2026-07-21T12:19:59+02:00\"},{\"@type\":\"WebSite\",\"@id\":\"https:\\\/\\\/byword.it\\\/torinovending\\\/#website\",\"url\":\"https:\\\/\\\/byword.it\\\/torinovending\\\/\",\"name\":\"Torino Vending\",\"description\":\"Distributori automatici a Torino\",\"inLanguage\":\"it-IT\",\"publisher\":{\"@id\":\"https:\\\/\\\/byword.it\\\/torinovending\\\/#organization\"}}]}\n\t\t<\/script>\n\t\t<!-- All in One SEO -->\n\n","aioseo_head_json":{"title":"Mobili carrellati per macchine da caff\u00e8 | Torino Vending","description":"Disponibili nel formato anta singola e anta doppia, i mobili carrellati per macchine da caff\u00e8 sono un supporto studiato ad hoc, per dimensioni e accessori.","canonical_url":"https:\/\/byword.it\/torinovending\/mobili-carrellati-per-macchine-caffe\/","robots":"max-image-preview:large","keywords":"mobili macchine da caff\u00e8,accessori horeca,mobili carrellati,necta","webmasterTools":{"miscellaneous":""},"schema":{"@context":"https:\/\/schema.org","@graph":[{"@type":"Article","@id":"https:\/\/byword.it\/torinovending\/mobili-carrellati-per-macchine-caffe\/#article","name":"Mobili carrellati per macchine da caff\u00e8 | Torino Vending","headline":"Mobili carrellati","author":{"@id":"https:\/\/byword.it\/torinovending\/author\/admin\/#author"},"publisher":{"@id":"https:\/\/byword.it\/torinovending\/#organization"},"image":{"@type":"ImageObject","url":"https:\/\/byword.it\/torinovending\/wp-content\/uploads\/2020\/02\/Mobile-Carrellato-Horeca.jpg","width":500,"height":774,"caption":"Mobili carrellati, accessori HoReCa, Necta"},"datePublished":"2020-02-20T10:00:57+01:00","dateModified":"2026-07-21T12:19:59+02:00","inLanguage":"it-IT","mainEntityOfPage":{"@id":"https:\/\/byword.it\/torinovending\/mobili-carrellati-per-macchine-caffe\/#webpage"},"isPartOf":{"@id":"https:\/\/byword.it\/torinovending\/mobili-carrellati-per-macchine-caffe\/#webpage"},"articleSection":"Necta, Accessori HoReCa, Mobili carrellati"},{"@type":"BreadcrumbList","@id":"https:\/\/byword.it\/torinovending\/mobili-carrellati-per-macchine-caffe\/#breadcrumblist","itemListElement":[{"@type":"ListItem","@id":"https:\/\/byword.it\/torinovending#listItem","position":1,"name":"Home","item":"https:\/\/byword.it\/torinovending","nextItem":{"@type":"ListItem","@id":"https:\/\/byword.it\/torinovending\/category\/necta\/#listItem","name":"Necta"}},{"@type":"ListItem","@id":"https:\/\/byword.it\/torinovending\/category\/necta\/#listItem","position":2,"name":"Necta","item":"https:\/\/byword.it\/torinovending\/category\/necta\/","nextItem":{"@type":"ListItem","@id":"https:\/\/byword.it\/torinovending\/mobili-carrellati-per-macchine-caffe\/#listItem","name":"Mobili carrellati"},"previousItem":{"@type":"ListItem","@id":"https:\/\/byword.it\/torinovending#listItem","name":"Home"}},{"@type":"ListItem","@id":"https:\/\/byword.it\/torinovending\/mobili-carrellati-per-macchine-caffe\/#listItem","position":3,"name":"Mobili carrellati","previousItem":{"@type":"ListItem","@id":"https:\/\/byword.it\/torinovending\/category\/necta\/#listItem","name":"Necta"}}]},{"@type":"Organization","@id":"https:\/\/byword.it\/torinovending\/#organization","name":"Torino Vending Srl","description":"Distributori automatici a Torino","url":"https:\/\/byword.it\/torinovending\/","telephone":"+390116804572","logo":{"@type":"ImageObject","url":"https:\/\/torinovending.it\/wp-content\/uploads\/2020\/01\/Torino-Vending-Logo-payoff-homapage.png","@id":"https:\/\/byword.it\/torinovending\/mobili-carrellati-per-macchine-caffe\/#organizationLogo"},"image":{"@id":"https:\/\/byword.it\/torinovending\/mobili-carrellati-per-macchine-caffe\/#organizationLogo"}},{"@type":"Person","@id":"https:\/\/byword.it\/torinovending\/author\/admin\/#author","url":"https:\/\/byword.it\/torinovending\/author\/admin\/","name":"Redazione","image":{"@type":"ImageObject","@id":"https:\/\/byword.it\/torinovending\/mobili-carrellati-per-macchine-caffe\/#authorImage","url":"https:\/\/secure.gravatar.com\/avatar\/c0d7cec239899575b951add9454ccbe4345c94ec0a4976642a24d02d53d8f574?s=96&d=mm&r=g","width":96,"height":96,"caption":"Redazione"}},{"@type":"WebPage","@id":"https:\/\/byword.it\/torinovending\/mobili-carrellati-per-macchine-caffe\/#webpage","url":"https:\/\/byword.it\/torinovending\/mobili-carrellati-per-macchine-caffe\/","name":"Mobili carrellati per macchine da caff\u00e8 | Torino Vending","description":"Disponibili nel formato anta singola e anta doppia, i mobili carrellati per macchine da caff\u00e8 sono un supporto studiato ad hoc, per dimensioni e accessori.","inLanguage":"it-IT","isPartOf":{"@id":"https:\/\/byword.it\/torinovending\/#website"},"breadcrumb":{"@id":"https:\/\/byword.it\/torinovending\/mobili-carrellati-per-macchine-caffe\/#breadcrumblist"},"author":{"@id":"https:\/\/byword.it\/torinovending\/author\/admin\/#author"},"creator":{"@id":"https:\/\/byword.it\/torinovending\/author\/admin\/#author"},"image":{"@type":"ImageObject","url":"https:\/\/byword.it\/torinovending\/wp-content\/uploads\/2020\/02\/Mobile-Carrellato-Horeca.jpg","@id":"https:\/\/byword.it\/torinovending\/mobili-carrellati-per-macchine-caffe\/#mainImage","width":500,"height":774,"caption":"Mobili carrellati, accessori HoReCa, Necta"},"primaryImageOfPage":{"@id":"https:\/\/byword.it\/torinovending\/mobili-carrellati-per-macchine-caffe\/#mainImage"},"datePublished":"2020-02-20T10:00:57+01:00","dateModified":"2026-07-21T12:19:59+02:00"},{"@type":"WebSite","@id":"https:\/\/byword.it\/torinovending\/#website","url":"https:\/\/byword.it\/torinovending\/","name":"Torino Vending","description":"Distributori automatici a Torino","inLanguage":"it-IT","publisher":{"@id":"https:\/\/byword.it\/torinovending\/#organization"}}]},"og:locale":"it_IT","og:site_name":"Torino Vending","og:type":"activity","og:title":"Mobili carrellati per macchine da caff\u00e8 | Torino Vending","og:description":"Disponibili nel formato anta singola e anta doppia, i mobili carrellati per macchine da caff\u00e8 sono un supporto studiato ad hoc, per dimensioni e accessori.","og:url":"https:\/\/byword.it\/torinovending\/mobili-carrellati-per-macchine-caffe\/","og:image":"https:\/\/byword.it\/torinovending\/wp-content\/uploads\/2020\/02\/Mobile-Carrellato-Horeca.jpg","og:image:secure_url":"https:\/\/byword.it\/torinovending\/wp-content\/uploads\/2020\/02\/Mobile-Carrellato-Horeca.jpg","og:image:width":500,"og:image:height":774,"twitter:card":"summary","twitter:title":"Mobili carrellati per macchine da caff\u00e8 | Torino Vending","twitter:description":"Disponibili nel formato anta singola e anta doppia, i mobili carrellati per macchine da caff\u00e8 sono un supporto studiato ad hoc, per dimensioni e accessori.","twitter:image":"https:\/\/byword.it\/torinovending\/wp-content\/uploads\/2020\/02\/Mobile-Carrellato-Horeca.jpg"},"aioseo_meta_data":{"post_id":"1709","title":"Mobili carrellati per macchine da caff\u00e8 | Torino Vending","description":"Disponibili nel formato anta singola e anta doppia, i mobili carrellati per macchine da caff\u00e8 sono un supporto studiato ad hoc, per dimensioni e accessori.","keywords":[{"label":"Mobili macchine da caff\u00e8","value":"Mobili macchine da caff\u00e8"}],"keyphrases":null,"primary_term":null,"canonical_url":"","og_title":"","og_description":"","og_object_type":"activity","og_image_type":"default","og_image_url":null,"og_image_width":null,"og_image_height":null,"og_image_custom_url":null,"og_image_custom_fields":null,"og_video":"","og_custom_url":null,"og_article_section":"","og_article_tags":"","twitter_use_og":false,"twitter_card":"summary","twitter_image_type":"default","twitter_image_url":null,"twitter_image_custom_url":null,"twitter_image_custom_fields":null,"twitter_title":null,"twitter_description":null,"schema":{"blockGraphs":[],"customGraphs":[],"default":{"data":{"Article":[],"Course":[],"Dataset":[],"FAQPage":[],"Movie":[],"Person":[],"Product":[],"ProductReview":[],"Car":[],"Recipe":[],"Service":[],"SoftwareApplication":[],"WebPage":[]},"graphName":"","isEnabled":true},"graphs":[],"defaultGraph":"","defaultPostTypeGraph":""},"schema_type":null,"schema_type_options":null,"pillar_content":false,"robots_default":true,"robots_noindex":false,"robots_noarchive":false,"robots_nosnippet":false,"robots_nofollow":false,"robots_noimageindex":false,"robots_noodp":false,"robots_notranslate":false,"robots_max_snippet":null,"robots_max_videopreview":null,"robots_max_imagepreview":"large","priority":null,"frequency":null,"local_seo":null,"breadcrumb_settings":null,"limit_modified_date":false,"ai":null,"created":"2020-12-21 12:20:28","updated":"2026-07-21 10:32:43","seo_analyzer_scan_date":null,"focus_keyword":null,"additional_keywords":null,"truseo_locale":null},"_links":{"self":[{"href":"https:\/\/byword.it\/torinovending\/wp-json\/wp\/v2\/posts\/1709","targetHints":{"allow":["GET"]}}],"collection":[{"href":"https:\/\/byword.it\/torinovending\/wp-json\/wp\/v2\/posts"}],"about":[{"href":"https:\/\/byword.it\/torinovending\/wp-json\/wp\/v2\/types\/post"}],"author":[{"embeddable":true,"href":"https:\/\/byword.it\/torinovending\/wp-json\/wp\/v2\/users\/1"}],"replies":[{"embeddable":true,"href":"https:\/\/byword.it\/torinovending\/wp-json\/wp\/v2\/comments?post=1709"}],"version-history":[{"count":0,"href":"https:\/\/byword.it\/torinovending\/wp-json\/wp\/v2\/posts\/1709\/revisions"}],"wp:featuredmedia":[{"embeddable":true,"href":"https:\/\/byword.it\/torinovending\/wp-json\/wp\/v2\/media\/1713"}],"wp:attachment":[{"href":"https:\/\/byword.it\/torinovending\/wp-json\/wp\/v2\/media?parent=1709"}],"wp:term":[{"taxonomy":"category","embeddable":true,"href":"https:\/\/byword.it\/torinovending\/wp-json\/wp\/v2\/categories?post=1709"},{"taxonomy":"post_tag","embeddable":true,"href":"https:\/\/byword.it\/torinovending\/wp-json\/wp\/v2\/tags?post=1709"}],"curies":[{"name":"wp","href":"https:\/\/api.w.org\/{rel}","templated":true}]}}